{"id":2700,"date":"2022-12-23T11:15:28","date_gmt":"2022-12-23T10:15:28","guid":{"rendered":"https:\/\/www.trendmotori.com\/autonovita\/?p=2700"},"modified":"2022-12-23T11:15:49","modified_gmt":"2022-12-23T10:15:49","slug":"le-cinque-auto-elettriche-usate-piu-vendute-in-italia","status":"publish","type":"post","link":"https:\/\/www.trendmotori.com\/autonovita\/le-cinque-auto-elettriche-usate-piu-vendute-in-italia\/","title":{"rendered":"Le cinque auto elettriche usate pi\u00f9 vendute in Italia"},"content":{"rendered":"\n<figure class=\"wp-block-image size-large\"><a href=\"https:\/\/www.trendmotori.com\/autonovita\/wp-content\/uploads\/2022\/12\/nuova-fiat-500-elettrica.jpg\"><img fetchpriority=\"high\" decoding=\"async\" width=\"1024\" height=\"576\" src=\"https:\/\/www.trendmotori.com\/autonovita\/wp-content\/uploads\/2022\/12\/nuova-fiat-500-elettrica-1024x576.jpg\" alt=\"Nuova Fiat 500 elettrica\" class=\"wp-image-2701\" srcset=\"https:\/\/www.trendmotori.com\/autonovita\/wp-content\/uploads\/2022\/12\/nuova-fiat-500-elettrica-1024x576.jpg 1024w, https:\/\/www.trendmotori.com\/autonovita\/wp-content\/uploads\/2022\/12\/nuova-fiat-500-elettrica-300x169.jpg 300w, https:\/\/www.trendmotori.com\/autonovita\/wp-content\/uploads\/2022\/12\/nuova-fiat-500-elettrica-768x432.jpg 768w, https:\/\/www.trendmotori.com\/autonovita\/wp-content\/uploads\/2022\/12\/nuova-fiat-500-elettrica.jpg 1200w\" sizes=\"(max-width: 1024px) 100vw, 1024px\" \/><\/a><figcaption>Nuova Fiat 500 elettrica<\/figcaption><\/figure>\n\n\n\n<p>Negli ultimi tempi, l&#8217;<strong>acquisto di auto elettriche usate<\/strong> sta diventando sempre pi\u00f9 popolare. Le <a href=\"https:\/\/www.trendmotori.com\/auto-elettriche-nuovi-modelli.php\">auto elettriche di ultima generazione<\/a> offrono un&#8217;esperienza di guida eccellente, nonch\u00e9 un risparmio sui costi di carburante. Inoltre, sono molto pi\u00f9 ecologiche rispetto alle vetture a combustibile fossile, quindi sono una buona scelta per chi vuole contribuire a ridurre l&#8217;inquinamento. <\/p>\n\n\n\n<p><strong>Sul mercato dell&#8217;usato \u00e8 disponibile una vasta gamma di modelli e marche<\/strong>, tra cui Nissan Leaf, Renault Zoe e Tesla. Si possono <strong>trovare auto elettriche usate a prezzi molto pi\u00f9 convenienti rispetto a quelli di una nuova<\/strong>, anche se questo dipende dal modello e dallo stato di conservazione delle batterie.<\/p>\n\n\n\n<h2 class=\"wp-block-heading\">Ecco una classifica recente delle auto elettriche usate pi\u00f9 vendute in Italia:<\/h2>\n\n\n\n<figure class=\"wp-block-image size-large\"><a href=\"https:\/\/www.trendmotori.com\/autonovita\/wp-content\/uploads\/2022\/12\/nuova-citycar-smart-fortwo-elettrica.jpg\"><img decoding=\"async\" width=\"1024\" height=\"576\" src=\"https:\/\/www.trendmotori.com\/autonovita\/wp-content\/uploads\/2022\/12\/nuova-citycar-smart-fortwo-elettrica-1024x576.jpg\" alt=\"city car Smart elettrica\" class=\"wp-image-2703\" srcset=\"https:\/\/www.trendmotori.com\/autonovita\/wp-content\/uploads\/2022\/12\/nuova-citycar-smart-fortwo-elettrica-1024x576.jpg 1024w, https:\/\/www.trendmotori.com\/autonovita\/wp-content\/uploads\/2022\/12\/nuova-citycar-smart-fortwo-elettrica-300x169.jpg 300w, https:\/\/www.trendmotori.com\/autonovita\/wp-content\/uploads\/2022\/12\/nuova-citycar-smart-fortwo-elettrica-768x432.jpg 768w, https:\/\/www.trendmotori.com\/autonovita\/wp-content\/uploads\/2022\/12\/nuova-citycar-smart-fortwo-elettrica.jpg 1200w\" sizes=\"(max-width: 1024px) 100vw, 1024px\" \/><\/a><figcaption>Smart elettrica<\/figcaption><\/figure>\n\n\n\n<h3 class=\"wp-block-heading\"><strong>Smart ForTwo<\/strong><\/h3>\n\n\n\n<p><strong>L\u2019auto elettrica usata pi\u00f9 venduta in Italia<\/strong>, non offre molto in termini di spazio o di autonomia elettrica, ma le sue proporzioni ridotte e la relativa convenienza, la rendono un&#8217;ottima scelta per le strade strette e spesso affollate delle nostre citt\u00e0. Se il rivenditore non offre il caricabatterie da 22kW, prendete in considerazione l&#8217;idea di fare un vostro investimento. Pu\u00f2 caricare la batteria in meno di un&#8217;ora.<\/p>\n\n\n\n<p><strong>Capacit\u00e0 della batteria: 17,6 kWh<\/strong><\/p>\n\n\n\n<p><strong>Autonomia WLTP: 135 km<\/strong><\/p>\n\n\n\n<figure class=\"wp-block-image size-large\"><a href=\"https:\/\/www.trendmotori.com\/autonovita\/wp-content\/uploads\/2022\/12\/nuova-fiat-500-elettrica-1.jpg\"><img decoding=\"async\" width=\"1024\" height=\"576\" src=\"https:\/\/www.trendmotori.com\/autonovita\/wp-content\/uploads\/2022\/12\/nuova-fiat-500-elettrica-1-1024x576.jpg\" alt=\"Fiat 500 elettrica\" class=\"wp-image-2704\" srcset=\"https:\/\/www.trendmotori.com\/autonovita\/wp-content\/uploads\/2022\/12\/nuova-fiat-500-elettrica-1-1024x576.jpg 1024w, https:\/\/www.trendmotori.com\/autonovita\/wp-content\/uploads\/2022\/12\/nuova-fiat-500-elettrica-1-300x169.jpg 300w, https:\/\/www.trendmotori.com\/autonovita\/wp-content\/uploads\/2022\/12\/nuova-fiat-500-elettrica-1-768x432.jpg 768w, https:\/\/www.trendmotori.com\/autonovita\/wp-content\/uploads\/2022\/12\/nuova-fiat-500-elettrica-1.jpg 1200w\" sizes=\"(max-width: 1024px) 100vw, 1024px\" \/><\/a><figcaption>Fiat 500 elettrica<\/figcaption><\/figure>\n\n\n\n<h3 class=\"wp-block-heading\"><strong>Fiat 500 elettrica<\/strong><\/h3>\n\n\n\n<p>Gli appassionati italiani di auto sanno bene che Fiat stava realizzando una 500 elettrica gi\u00e0 nel 2013. Non era per\u00f2 destinata a essere venduta in Italia o in Europa, a differenza del modello attuale, La Nuova 500, disponibile esclusivamente come EV (sar\u00e0 venduta insieme alla 500 precedente fino al 2024). Sono disponibili due opzioni di propulsione, con il modello superiore che offre pi\u00f9 potenza (118 contro 96 CV), pi\u00f9 autonomia e una ricarica pi\u00f9 rapida per circa 3.000 euro in pi\u00f9 (come nuovo).\u00a0<\/p>\n\n\n\n<p><strong>Capacit\u00e0 della batteria: 24-42 kWh<\/strong><\/p>\n\n\n\n<p><strong>Autonomia WLTP: 190-320 km<\/strong><\/p>\n\n\n\n<p><strong>Velocit\u00e0 massima di ricarica DC: 85 kW<\/strong><\/p>\n\n\n\n<figure class=\"wp-block-image size-large\"><a href=\"https:\/\/www.trendmotori.com\/autonovita\/wp-content\/uploads\/2022\/12\/nuova-tesla-model-3.jpg\"><img loading=\"lazy\" decoding=\"async\" width=\"1024\" height=\"576\" src=\"https:\/\/www.trendmotori.com\/autonovita\/wp-content\/uploads\/2022\/12\/nuova-tesla-model-3-1024x576.jpg\" alt=\"Tesla Model 3\" class=\"wp-image-2706\" srcset=\"https:\/\/www.trendmotori.com\/autonovita\/wp-content\/uploads\/2022\/12\/nuova-tesla-model-3-1024x576.jpg 1024w, https:\/\/www.trendmotori.com\/autonovita\/wp-content\/uploads\/2022\/12\/nuova-tesla-model-3-300x169.jpg 300w, https:\/\/www.trendmotori.com\/autonovita\/wp-content\/uploads\/2022\/12\/nuova-tesla-model-3-768x432.jpg 768w, https:\/\/www.trendmotori.com\/autonovita\/wp-content\/uploads\/2022\/12\/nuova-tesla-model-3.jpg 1200w\" sizes=\"(max-width: 1024px) 100vw, 1024px\" \/><\/a><figcaption>Tesla Model 3<\/figcaption><\/figure>\n\n\n\n<h3 class=\"wp-block-heading\"> <strong>Tesla Model 3 <\/strong><\/h3>\n\n\n\n<p>Il suo aspetto \u00e8 un gusto acquisito, le sue finiture lasciano molto a desiderare e i comandi del touchscreen possono farvi impazzire, ma c&#8217;\u00e8 un motivo per cui <strong>la Tesla Model 3 \u00e8 uno dei veicoli elettrici pi\u00f9 venduti in tutto il mondo<\/strong>, superando anche molti concorrenti premium con motore ICE. Il motivo \u00e8 la tecnologia EV di Tesla. A seconda della configurazione della batteria e del gruppo propulsore, questa piccola berlina offre prestazioni coinvolgenti combinate con un&#8217;eccellente autonomia nel mondo reale ed un&#8217;esperienza di ricarica senza problemi. Una classe innegabile.<\/p>\n\n\n\n<p><strong>Capacit\u00e0 della batteria: 60-82 kWh<\/strong><\/p>\n\n\n\n<p><strong>Autonomia WLTP: 448-602 km<\/strong><\/p>\n\n\n\n<p><strong>Velocit\u00e0 massima di ricarica DC: 250 kW<\/strong><\/p>\n\n\n\n<figure class=\"wp-block-image size-large\"><a href=\"https:\/\/www.trendmotori.com\/autonovita\/wp-content\/uploads\/2022\/12\/auto-elettrica-bmw-i3.jpg\"><img loading=\"lazy\" decoding=\"async\" width=\"1024\" height=\"586\" src=\"https:\/\/www.trendmotori.com\/autonovita\/wp-content\/uploads\/2022\/12\/auto-elettrica-bmw-i3-1024x586.jpg\" alt=\"Bmw I3\" class=\"wp-image-2708\" srcset=\"https:\/\/www.trendmotori.com\/autonovita\/wp-content\/uploads\/2022\/12\/auto-elettrica-bmw-i3-1024x586.jpg 1024w, https:\/\/www.trendmotori.com\/autonovita\/wp-content\/uploads\/2022\/12\/auto-elettrica-bmw-i3-300x172.jpg 300w, https:\/\/www.trendmotori.com\/autonovita\/wp-content\/uploads\/2022\/12\/auto-elettrica-bmw-i3-768x440.jpg 768w, https:\/\/www.trendmotori.com\/autonovita\/wp-content\/uploads\/2022\/12\/auto-elettrica-bmw-i3.jpg 1200w\" sizes=\"(max-width: 1024px) 100vw, 1024px\" \/><\/a><figcaption>Bmw i3<\/figcaption><\/figure>\n\n\n\n<h3 class=\"wp-block-heading\">BMW i3<\/h3>\n\n\n\n<p>Decisamente in anticipo sui tempi, questa <a href=\"https:\/\/www.trendmotori.com\/citycar-nuovi-modelli.php\">city car elettrica<\/a> dallo stile audace \u00e8 rimasta in produzione per quasi un decennio, con le ultime vetture uscite dalla catena di montaggio questo agosto. Mentre lo stile della <strong>BMW i3<\/strong> \u00e8 rimasto per lo pi\u00f9 invariato nel corso degli anni, la sua tecnologia non \u00e8 cambiata. La capacit\u00e0 della batteria \u00e8 raddoppiata rispetto ai 60 Ah iniziali, cos\u00ec come l&#8217;autonomia elettrica. Ma pensateci due volte se ne avete davvero bisogno: le <strong>vecchie auto elettriche sono molto pi\u00f9 convenienti<\/strong> e la loro autonomia reale di oltre 100 km \u00e8 ancora sufficiente per la guida in citt\u00e0.\u00a0<\/p>\n\n\n\n<p><strong>Capacit\u00e0 della batteria: 22-42 kWh<\/strong><\/p>\n\n\n\n<p><strong>Autonomia WLTP: fino a 310 km<\/strong><\/p>\n\n\n\n<p><strong>Velocit\u00e0 massima di carica DC: 50 kW<\/strong><\/p>\n\n\n\n<figure class=\"wp-block-image size-large\"><a href=\"https:\/\/www.trendmotori.com\/autonovita\/wp-content\/uploads\/2022\/12\/Suv-elettrico-Audi-e-tron.jpg\"><img loading=\"lazy\" decoding=\"async\" width=\"1024\" height=\"576\" src=\"https:\/\/www.trendmotori.com\/autonovita\/wp-content\/uploads\/2022\/12\/Suv-elettrico-Audi-e-tron-1024x576.jpg\" alt=\"suv elettrico Audi e-tron\" class=\"wp-image-2709\" srcset=\"https:\/\/www.trendmotori.com\/autonovita\/wp-content\/uploads\/2022\/12\/Suv-elettrico-Audi-e-tron-1024x576.jpg 1024w, https:\/\/www.trendmotori.com\/autonovita\/wp-content\/uploads\/2022\/12\/Suv-elettrico-Audi-e-tron-300x169.jpg 300w, https:\/\/www.trendmotori.com\/autonovita\/wp-content\/uploads\/2022\/12\/Suv-elettrico-Audi-e-tron-768x432.jpg 768w, https:\/\/www.trendmotori.com\/autonovita\/wp-content\/uploads\/2022\/12\/Suv-elettrico-Audi-e-tron.jpg 1200w\" sizes=\"(max-width: 1024px) 100vw, 1024px\" \/><\/a><figcaption>Audi e-tron<\/figcaption><\/figure>\n\n\n\n<h3 class=\"wp-block-heading\"><strong>Audi e-tron<\/strong><\/h3>\n\n\n\n<p>Per gli automobilisti che non sono disposti a tollerare le numerose stranezze di Tesla, l&#8217;<strong>Audi e-tron \u00e8 stata una delle prime vetture elettriche in grado di trasportare una famiglia<\/strong>. Ben rifinito, dinamico, spazioso e raffinato, \u00e8 un <a href=\"https:\/\/www.trendmotori.com\/suv-crossover-elettrici-nuovi-modelli.php\">SUV elettrico premium<\/a> competente che si d\u00e0 il caso sia anche elettrico. Ed \u00e8 molto pi\u00f9 performante nei viaggi a lunga distanza di quanto la sua autonomia reale di 300-350 km possa far pensare, perch\u00e9 l&#8217;eccellente raffreddamento della batteria consente di passare dal 5 all&#8217;80% in 25 minuti con i caricatori rapidi Ionity. Oltre all&#8217;originale <strong>Audi e-tron 55 quattro<\/strong>, esistono anche il modello e-tron S performance e il pi\u00f9 economico e-tron 50 quattro, con potenza e autonomia inferiori.<\/p>\n\n\n\n<p><strong>Capacit\u00e0 della batteria: 71-95 kWh<\/strong><\/p>\n\n\n\n<p><strong>Autonomia WLTP: 282-453 km<\/strong><\/p>\n\n\n\n<p><strong>Velocit\u00e0 massima di ricarica DC: 155 kW<\/strong><\/p>\n","protected":false},"excerpt":{"rendered":"<p>Il mercato delle auto elettriche usate \u00e8 in continua espansione e i modelli disponibili cominciano a essere tanti. Ecco la classifica aggiornata delle 5 auto elettriche usate pi\u00f9 vendute in Italia. <\/p>\n","protected":false},"author":1,"featured_media":2706,"comment_status":"closed","ping_status":"open","sticky":false,"template":"","format":"standard","meta":{"neve_meta_sidebar":"","neve_meta_container":"","neve_meta_enable_content_width":"","neve_meta_content_width":0,"neve_meta_title_alignment":"","neve_meta_author_avatar":"","neve_post_elements_order":"","neve_meta_disable_header":"","neve_meta_disable_footer":"","neve_meta_disable_title":"","footnotes":""},"categories":[11],"tags":[],"class_list":["post-2700","post","type-post","status-publish","format-standard","has-post-thumbnail","hentry","category-auto-elettriche"],"aioseo_notices":[],"_links":{"self":[{"href":"https:\/\/www.trendmotori.com\/autonovita\/wp-json\/wp\/v2\/posts\/2700","targetHints":{"allow":["GET"]}}],"collection":[{"href":"https:\/\/www.trendmotori.com\/autonovita\/wp-json\/wp\/v2\/posts"}],"about":[{"href":"https:\/\/www.trendmotori.com\/autonovita\/wp-json\/wp\/v2\/types\/post"}],"author":[{"embeddable":true,"href":"https:\/\/www.trendmotori.com\/autonovita\/wp-json\/wp\/v2\/users\/1"}],"replies":[{"embeddable":true,"href":"https:\/\/www.trendmotori.com\/autonovita\/wp-json\/wp\/v2\/comments?post=2700"}],"version-history":[{"count":4,"href":"https:\/\/www.trendmotori.com\/autonovita\/wp-json\/wp\/v2\/posts\/2700\/revisions"}],"predecessor-version":[{"id":2711,"href":"https:\/\/www.trendmotori.com\/autonovita\/wp-json\/wp\/v2\/posts\/2700\/revisions\/2711"}],"wp:featuredmedia":[{"embeddable":true,"href":"https:\/\/www.trendmotori.com\/autonovita\/wp-json\/wp\/v2\/media\/2706"}],"wp:attachment":[{"href":"https:\/\/www.trendmotori.com\/autonovita\/wp-json\/wp\/v2\/media?parent=2700"}],"wp:term":[{"taxonomy":"category","embeddable":true,"href":"https:\/\/www.trendmotori.com\/autonovita\/wp-json\/wp\/v2\/categories?post=2700"},{"taxonomy":"post_tag","embeddable":true,"href":"https:\/\/www.trendmotori.com\/autonovita\/wp-json\/wp\/v2\/tags?post=2700"}],"curies":[{"name":"wp","href":"https:\/\/api.w.org\/{rel}","templated":true}]}}